{"id":12704,"__str__":"Mo\u00e7\u00e3o n\u00ba 32 de 2025","link_detail_backend":"/materia/12704","metadata":{},"numero":32,"ano":2025,"numero_protocolo":252,"data_apresentacao":"2025-03-17","tipo_apresentacao":"","data_publicacao":null,"numero_origem_externa":"","ano_origem_externa":null,"data_origem_externa":null,"apelido":"","dias_prazo":null,"data_fim_prazo":null,"em_tramitacao":false,"polemica":false,"objeto":"","complementar":false,"ementa":"A vereadora Eduarda Sampaio, no uso de suas atribui\u00e7\u00f5es e satisfeitas \u00e0s formalidades regimentais apresenta, MO\u00c7\u00c3O DE PESAR aos familiares de Maria Evangelista da Concei\u00e7\u00e3o pelo seu falecimento, ocorrido no dia 16 de Mar\u00e7o do corrente ano.","indexacao":"","observacao":"","resultado":"","texto_original":"http://sapl.salgueiro.pe.leg.br/media/sapl/public/materialegislativa/2025/12704/mocao_de_pesar_aos_familiares_de_maria_evangelista_da_conceicao.docx","data_ultima_atualizacao":"2025-07-21T23:25:19.192406-03:00","ip":"","ultima_edicao":null,"tipo":7,"regime_tramitacao":1,"tipo_origem_externa":null,"local_origem_externa":null,"user":null,"anexadas":[],"autores":[78]}