{"id":2775,"__str__":"Projeto de Lei Ordin\u00e1ria n\u00ba 62 de 2018","link_detail_backend":"/materia/2775","metadata":{},"numero":62,"ano":2018,"numero_protocolo":53,"data_apresentacao":"2018-10-23","tipo_apresentacao":"","data_publicacao":null,"numero_origem_externa":"","ano_origem_externa":null,"data_origem_externa":null,"apelido":"","dias_prazo":null,"data_fim_prazo":null,"em_tramitacao":true,"polemica":null,"objeto":"","complementar":null,"ementa":"Ementa: Institui a Semana Municipal de Preven\u00e7\u00e3o e combate a Depress\u00e3o, no Munic\u00edpio de Salgueiro e de outras providencias.","indexacao":"","observacao":"","resultado":"","texto_original":"http://sapl.salgueiro.pe.leg.br/media/sapl/public/materialegislativa/2018/2775/projeto_de_lei__depressao......docx","data_ultima_atualizacao":"2018-10-23T10:56:39.575259-03:00","ip":"","ultima_edicao":null,"tipo":1,"regime_tramitacao":1,"tipo_origem_externa":null,"local_origem_externa":null,"user":null,"anexadas":[],"autores":[22]}