{"id":3317,"__str__":"Requerimento n\u00ba 236 de 2019","link_detail_backend":"/materia/3317","metadata":{},"numero":236,"ano":2019,"numero_protocolo":343,"data_apresentacao":"2019-04-03","tipo_apresentacao":"","data_publicacao":null,"numero_origem_externa":"","ano_origem_externa":null,"data_origem_externa":null,"apelido":"","dias_prazo":null,"data_fim_prazo":null,"em_tramitacao":true,"polemica":null,"objeto":"","complementar":null,"ementa":"Requer ao Exm\u00b0. Senhor Prefeito, CLEBEL DE SOUZA CORDEIRO que autorize a Secretaria de Servi\u00e7os P\u00fablicos para fazer a capina\u00e7\u00e3o na Rua Francisco Jos\u00e9 da Rosa, Jardim Primavera (Bairro: Augusto Alencar Sampaio). \u00c9 uma obriga\u00e7\u00e3o de o munic\u00edpio manter a cidade limpa, garantindo assim, qualidade de vida da sua popula\u00e7\u00e3o.","indexacao":"","observacao":"","resultado":"","texto_original":"http://sapl.salgueiro.pe.leg.br/media/sapl/public/materialegislativa/2019/3317/38_-fazer_a_capinacao_na_rua_francisco_jose_da_6vfHsDz.docx","data_ultima_atualizacao":"2019-04-03T08:59:44.527091-03:00","ip":"","ultima_edicao":null,"tipo":3,"regime_tramitacao":1,"tipo_origem_externa":null,"local_origem_externa":null,"user":null,"anexadas":[],"autores":[21]}