{"id":3711,"__str__":"Requerimento n\u00ba 476 de 2019","link_detail_backend":"/materia/3711","metadata":{},"numero":476,"ano":2019,"numero_protocolo":737,"data_apresentacao":"2019-06-27","tipo_apresentacao":"","data_publicacao":null,"numero_origem_externa":"","ano_origem_externa":null,"data_origem_externa":null,"apelido":"","dias_prazo":null,"data_fim_prazo":null,"em_tramitacao":true,"polemica":null,"objeto":"","complementar":null,"ementa":"Ao Excelent\u00edssimo Senhor Prefeito do Munic\u00edpio, Clebel de Souza Cordeiro ao Excelent\u00edssimo Senhor Kleber Jos\u00e9 Cruz Barros, Secret\u00e1rio de Servi\u00e7os P\u00fablicos, no sentido de envidar esfor\u00e7os Para  O CONSERTO, REPARO DO CAL\u00c7AMENTO DA RUA JOS\u00c9 VIT\u00d3RINO DE BARROS E SILVA NO BAIRRO DO CENTRO.","indexacao":"","observacao":"","resultado":"","texto_original":"http://sapl.salgueiro.pe.leg.br/media/sapl/public/materialegislativa/2019/3711/requerimento_-_reparo_do_calcamento_da_rua_jos_EPtHkpf.docx","data_ultima_atualizacao":"2019-06-27T08:42:45.143469-03:00","ip":"","ultima_edicao":null,"tipo":3,"regime_tramitacao":1,"tipo_origem_externa":null,"local_origem_externa":null,"user":null,"anexadas":[],"autores":[5]}