{"id":3814,"__str__":"Requerimento n\u00ba 526 de 2019","link_detail_backend":"/materia/3814","metadata":{},"numero":526,"ano":2019,"numero_protocolo":840,"data_apresentacao":"2019-07-17","tipo_apresentacao":"","data_publicacao":null,"numero_origem_externa":"","ano_origem_externa":null,"data_origem_externa":null,"apelido":"","dias_prazo":null,"data_fim_prazo":null,"em_tramitacao":true,"polemica":null,"objeto":"","complementar":null,"ementa":"O VEREADOR QUE ESTA SUBSCREVE POR MEIO DE SUAS LEGAIS ATRIBUI\u00c7\u00d5ES E SATISFEITAS FORMALIDADES REGIMENTAIS, REQUER QUE SEJA ENCAMINHADO AO EXMO: SR: PREFEITO CLEBEL DE SOUZA CORDEIRO, OU A QUEM DE DIREITO PARA QUE SEJA FEITA A MANUTEN\u00c7\u00c3O DAS ESTRADAS DO URI, POIS AS MESMAS EST\u00c3O MUITO DESGASTADAS.","indexacao":"","observacao":"","resultado":"","texto_original":"http://sapl.salgueiro.pe.leg.br/media/sapl/public/materialegislativa/2019/3814/requerimento_veronaldo.docx","data_ultima_atualizacao":"2019-07-17T10:23:39.867477-03:00","ip":"","ultima_edicao":null,"tipo":3,"regime_tramitacao":1,"tipo_origem_externa":null,"local_origem_externa":null,"user":null,"anexadas":[],"autores":[15]}