{"id":5115,"__str__":"Requerimento n\u00ba 327 de 2020","link_detail_backend":"/materia/5115","metadata":{},"numero":327,"ano":2020,"numero_protocolo":574,"data_apresentacao":"2020-08-03","tipo_apresentacao":"","data_publicacao":null,"numero_origem_externa":"","ano_origem_externa":null,"data_origem_externa":null,"apelido":"","dias_prazo":null,"data_fim_prazo":null,"em_tramitacao":true,"polemica":null,"objeto":"","complementar":null,"ementa":"Requer ao Excelent\u00edssimo Prefeito, Clebel Cordeiro, e \u00e0  Excelent\u00edssima Secret\u00e1ria de Desenvolvimento Social, Patr\u00edcia Duarte, que adotem as medidas necess\u00e1rias a fim de promover a\u00e7\u00f5es voltadas \u00e0 \u201cSemana Municipal de Valoriza\u00e7\u00e3o da Fam\u00edlia\u201d, durante a semana do dia 21 (vinte e um) de outubro, conforme previsto pela Lei Municipal n\u00ba 1.933/2014.","indexacao":"","observacao":"","resultado":"","texto_original":"http://sapl.salgueiro.pe.leg.br/media/sapl/public/materialegislativa/2020/5115/requerimento_semana_da_familia.docx","data_ultima_atualizacao":"2020-08-03T10:48:10.228540-03:00","ip":"","ultima_edicao":null,"tipo":3,"regime_tramitacao":1,"tipo_origem_externa":null,"local_origem_externa":null,"user":null,"anexadas":[],"autores":[18]}