{"id":5163,"__str__":"Mo\u00e7\u00e3o n\u00ba 47 de 2020","link_detail_backend":"/materia/5163","metadata":{},"numero":47,"ano":2020,"numero_protocolo":621,"data_apresentacao":"2020-08-18","tipo_apresentacao":"","data_publicacao":null,"numero_origem_externa":"","ano_origem_externa":null,"data_origem_externa":null,"apelido":"","dias_prazo":null,"data_fim_prazo":null,"em_tramitacao":true,"polemica":null,"objeto":"","complementar":null,"ementa":"MO\u00c7AO DE PESAR - N\u00b0     /2020\r\n\r\n\r\n\r\nO Vereador que a este subscreve, ouvido o plen\u00e1rio e cumpridas as formalidades regimentais, vem apresentar esta mo\u00e7\u00e3o de pesar aos familiares de Ant\u00f4nio Manoel do Amaral, pelo falecimento do mesmo, ocorrido no dia 05 de agosto do corrente na cidade de salgueiro.","indexacao":"","observacao":"","resultado":"","texto_original":"http://sapl.salgueiro.pe.leg.br/media/sapl/public/materialegislativa/2020/5163/mocao_de_pesar_-_antono_manoel.docx","data_ultima_atualizacao":"2020-08-18T08:50:51.073760-03:00","ip":"","ultima_edicao":null,"tipo":7,"regime_tramitacao":1,"tipo_origem_externa":null,"local_origem_externa":null,"user":null,"anexadas":[],"autores":[4]}