{"id":9259,"__str__":"Requerimento n\u00ba 1188 de 2022","link_detail_backend":"/materia/9259","metadata":{},"numero":1188,"ano":2022,"numero_protocolo":1812,"data_apresentacao":"2022-12-06","tipo_apresentacao":"","data_publicacao":null,"numero_origem_externa":"","ano_origem_externa":null,"data_origem_externa":null,"apelido":"","dias_prazo":null,"data_fim_prazo":null,"em_tramitacao":true,"polemica":false,"objeto":"","complementar":false,"ementa":"Requer ao Exmo. Secret\u00e1rio de Sa\u00fade, George Arraes, que adote as medidas necess\u00e1rias a fim de executar a Lei Municipal n\u00ba 2.170/2019 (Institui a Semana Municipal de Conscientiza\u00e7\u00e3o do Autismo) durante a primeira semana do m\u00eas de abril do pr\u00f3ximo ano, 2023, conforme Calend\u00e1rio Oficial do Munic\u00edpio, agregando tamb\u00e9m os demais temas relacionados aos transtornos mentais em geral.","indexacao":"","observacao":"","resultado":"","texto_original":"http://sapl.salgueiro.pe.leg.br/media/sapl/public/materialegislativa/2022/9259/semana_do_autismo.dot","data_ultima_atualizacao":"2022-12-06T13:10:39.559999-03:00","ip":"","ultima_edicao":null,"tipo":3,"regime_tramitacao":1,"tipo_origem_externa":null,"local_origem_externa":null,"user":null,"anexadas":[],"autores":[18]}